[{"@context":"https:\/\/schema.org\/","@type":"Article","@id":"https:\/\/www.osmip.cz\/potrebujete-zajistit-uklid\/#Article","mainEntityOfPage":"https:\/\/www.osmip.cz\/potrebujete-zajistit-uklid\/","headline":"Pot\u0159ebujete zajistit \u00faklid?","name":"Pot\u0159ebujete zajistit \u00faklid?","description":"V\u0161ude, kde \u017eij\u00ed lid\u00e9, se d\u0159\u00edve nebo pozd\u011bji za\u010dne tvo\u0159it nepo\u0159\u00e1dek. A tento m\u00e1 tendenci b\u00fdt po\u0159\u00e1d v\u011bt\u0161\u00ed a v\u011bt\u0161\u00ed. A ur\u010dit\u011b s\u00e1m od sebe nezmiz\u00ed. A kdy\u017e tedy chceme \u017e\u00edt my lid\u00e9 jako lid\u00e9, mus\u00edme si u sebe ukl\u00edzet. V dom\u00e1cnostech, v kancel\u00e1\u0159\u00edch, ve firm\u00e1ch, prost\u011b tam, kde je to t\u0159eba. \u017de v\u00e1s tato p\u0159edstava nenadchla? V\u016fbec se v\u00e1m nediv\u00edm. N\u00e1m lidem se obvykle do \u00faklidu moc nechce, daleko rad\u011bji d\u011bl\u00e1me nepo\u0159\u00e1dek, ne\u017e abychom se ho zbavovali, a sh\u00e1n\u011bn\u00ed n\u011bkoho, kdo by n\u00e1m uklidil podnik nebo kancel\u00e1\u0159 m\u016f\u017ee b\u00fdt je\u0161t\u011b slo\u017eit\u011bj\u0161\u00ed. Proto\u017ee za minul\u00e9ho re\u017eimu necht\u011bl tuto nepopul\u00e1rn\u00ed pr\u00e1ci d\u011blat pomalu nikdo a ani dnes to nen\u00ed jin\u00e9. Jen\u017ee ukl\u00edzet se prost\u011b mus\u00ed. A kdy\u017e to nemohou nebo necht\u011bj\u00ed provozovatel\u00e9 podnik\u016f a kancel\u00e1\u0159\u00ed za\u0159\u00eddit jinak, m\u016f\u017ee za n\u011b zvl\u00e1dnout \u00faklid kancel\u00e1\u0159\u00ed v Praze Modr\u00fd \u017eralok. P\u0159i\u010dem\u017e samoz\u0159ejm\u011b nem\u00e1m na mysli, \u017ee by se o \u00faklid se zaj\u00edmaj\u00edc\u00ed lid\u00e9 m\u011bli vypravit n\u011bkam k mo\u0159i. Pr\u00e1v\u011b naopak \u2013 Modr\u00fd \u017eralok s\u00eddl\u00ed v Praze a jde o firmu, kter\u00e1 zaji\u0161\u0165uje pro sv\u00e9 z\u00e1kazn\u00edky onen tolik nepopul\u00e1rn\u00ed \u00faklid, a to jak obytn\u00fdch dom\u016f, tak i pr\u00e1v\u011b kancel\u00e1\u0159\u00ed i rovnou cel\u00fdch firem. A co lze od Modr\u00e9ho \u017eraloka o\u010dek\u00e1vat? Vlastn\u011b snad cokoliv, co se \u00faklidov\u00fdch prac\u00ed t\u00fdk\u00e1. V obytn\u00fdch domech zvl\u00e1dne uklidit v\u0161echno, co se vyskytuje ve spole\u010dn\u00fdch prostor\u00e1ch, a ve firm\u00e1ch a kancel\u00e1\u0159\u00edch zajist\u00ed \u00faklid kuchyn\u011bk, koupelen a toalet, sklizen\u00ed ne\u010distot ze stol\u016f a dal\u0161\u00edho n\u00e1bytku, vyt\u0159en\u00ed podlah a vyluxov\u00e1n\u00ed koberc\u016f, set\u0159en\u00ed prachu a klidn\u011b i vypr\u00e1n\u00ed ru\u010dn\u00edk\u016f a ut\u011brek. A to je p\u0159ece v\u00edce ne\u017e u\u017eite\u010dn\u00e1 slu\u017eba, nemysl\u00edte? Proto\u017ee p\u0159edstav\u00edte-li si, \u017ee byste to v\u0161echno museli d\u011blat sami\u2026 To se \u010dlov\u011bku rad\u011bji ani nechce dom\u00fd\u0161let, co by to obn\u00e1\u0161elo. To je v\u00e1\u017en\u011b lep\u0161\u00ed nechat to na profesion\u00e1lech a starat se rad\u0161i o sv\u00e9, daleko p\u0159\u00edjemn\u011bj\u0161\u00ed v\u011bci. A kdy\u017e je\u0161t\u011b vezmeme v potaz to, \u017ee nejde o nijak p\u0159ehnan\u011b drahou slu\u017ebu vyplat\u00ed se to ji vyu\u017e\u00edt. 4.7\/5 - (3 votes)","datePublished":"2023-07-07","dateModified":"2023-07-07","author":{"@type":"Person","@id":"https:\/\/www.osmip.cz\/author\/#Person","name":"","url":"https:\/\/www.osmip.cz\/author\/","identifier":1,"image":{"@type":"ImageObject","@id":"https:\/\/secure.gravatar.com\/avatar\/c61c2d82e330ff9c70cf023b4c62d411e8407bcb38f85df591fa270717754b44?s=96&d=mm&r=g","url":"https:\/\/secure.gravatar.com\/avatar\/c61c2d82e330ff9c70cf023b4c62d411e8407bcb38f85df591fa270717754b44?s=96&d=mm&r=g","height":96,"width":96}},"publisher":{"@type":"Organization","name":"osmip.cz","logo":{"@type":"ImageObject","@id":"\/logo.png","url":"\/logo.png","width":600,"height":60}},"image":{"@type":"ImageObject","@id":"https:\/\/www.osmip.cz\/wp-content\/uploads\/u.jpg","url":"https:\/\/www.osmip.cz\/wp-content\/uploads\/u.jpg","height":0,"width":0},"url":"https:\/\/www.osmip.cz\/potrebujete-zajistit-uklid\/","about":["Produkty"],"wordCount":431,"articleBody":"        V\u0161ude, kde \u017eij\u00ed lid\u00e9, se d\u0159\u00edve nebo pozd\u011bji za\u010dne tvo\u0159it nepo\u0159\u00e1dek. A tento m\u00e1 tendenci b\u00fdt po\u0159\u00e1d v\u011bt\u0161\u00ed a v\u011bt\u0161\u00ed. A ur\u010dit\u011b s\u00e1m od sebe nezmiz\u00ed. A kdy\u017e tedy chceme \u017e\u00edt my lid\u00e9 jako lid\u00e9, mus\u00edme si u sebe ukl\u00edzet. V dom\u00e1cnostech, v kancel\u00e1\u0159\u00edch, ve firm\u00e1ch, prost\u011b tam, kde je to t\u0159eba.\u017de v\u00e1s tato p\u0159edstava nenadchla? V\u016fbec se v\u00e1m nediv\u00edm. N\u00e1m lidem se obvykle do \u00faklidu moc nechce, daleko rad\u011bji d\u011bl\u00e1me nepo\u0159\u00e1dek, ne\u017e abychom se ho zbavovali, a sh\u00e1n\u011bn\u00ed n\u011bkoho, kdo by n\u00e1m uklidil podnik nebo kancel\u00e1\u0159 m\u016f\u017ee b\u00fdt je\u0161t\u011b slo\u017eit\u011bj\u0161\u00ed. Proto\u017ee za minul\u00e9ho re\u017eimu necht\u011bl tuto nepopul\u00e1rn\u00ed pr\u00e1ci d\u011blat pomalu nikdo a ani dnes to nen\u00ed jin\u00e9.Jen\u017ee ukl\u00edzet se prost\u011b mus\u00ed. A kdy\u017e to nemohou nebo necht\u011bj\u00ed provozovatel\u00e9 podnik\u016f a kancel\u00e1\u0159\u00ed za\u0159\u00eddit jinak, m\u016f\u017ee za n\u011b zvl\u00e1dnout \u00faklid kancel\u00e1\u0159\u00ed v Praze Modr\u00fd \u017eralok. P\u0159i\u010dem\u017e samoz\u0159ejm\u011b nem\u00e1m na mysli, \u017ee by se o \u00faklid se zaj\u00edmaj\u00edc\u00ed lid\u00e9 m\u011bli vypravit n\u011bkam k mo\u0159i. Pr\u00e1v\u011b naopak \u2013 Modr\u00fd \u017eralok s\u00eddl\u00ed v Praze a jde o firmu, kter\u00e1 zaji\u0161\u0165uje pro sv\u00e9 z\u00e1kazn\u00edky onen tolik nepopul\u00e1rn\u00ed \u00faklid, a to jak obytn\u00fdch dom\u016f, tak i pr\u00e1v\u011b kancel\u00e1\u0159\u00ed i rovnou cel\u00fdch firem.A co lze od Modr\u00e9ho \u017eraloka o\u010dek\u00e1vat? Vlastn\u011b snad cokoliv, co se \u00faklidov\u00fdch prac\u00ed t\u00fdk\u00e1. V obytn\u00fdch domech zvl\u00e1dne uklidit v\u0161echno, co se vyskytuje ve spole\u010dn\u00fdch prostor\u00e1ch, a ve firm\u00e1ch a kancel\u00e1\u0159\u00edch zajist\u00ed \u00faklid kuchyn\u011bk, koupelen a toalet, sklizen\u00ed ne\u010distot ze stol\u016f a dal\u0161\u00edho n\u00e1bytku, vyt\u0159en\u00ed podlah a vyluxov\u00e1n\u00ed koberc\u016f, set\u0159en\u00ed prachu a klidn\u011b i vypr\u00e1n\u00ed ru\u010dn\u00edk\u016f a ut\u011brek.A to je p\u0159ece v\u00edce ne\u017e u\u017eite\u010dn\u00e1 slu\u017eba, nemysl\u00edte? Proto\u017ee p\u0159edstav\u00edte-li si, \u017ee byste to v\u0161echno museli d\u011blat sami\u2026 To se \u010dlov\u011bku rad\u011bji ani nechce dom\u00fd\u0161let, co by to obn\u00e1\u0161elo. To je v\u00e1\u017en\u011b lep\u0161\u00ed nechat to na profesion\u00e1lech a starat se rad\u0161i o sv\u00e9, daleko p\u0159\u00edjemn\u011bj\u0161\u00ed v\u011bci. A kdy\u017e je\u0161t\u011b vezmeme v potaz to, \u017ee nejde o nijak p\u0159ehnan\u011b drahou slu\u017ebu vyplat\u00ed se to ji vyu\u017e\u00edt.                                                                                                                                                                                                                                                                                                                                                                                          4.7\/5 - (3 votes)        "},{"@context":"https:\/\/schema.org\/","@type":"BreadcrumbList","itemListElement":[{"@type":"ListItem","position":1,"name":"Pot\u0159ebujete zajistit \u00faklid?","item":"https:\/\/www.osmip.cz\/potrebujete-zajistit-uklid\/#breadcrumbitem"}]}]