[{"@context":"https:\/\/schema.org\/","@type":"Article","@id":"https:\/\/www.osmip.cz\/kompresni-podkolenky-pravem-dobyvaji-bezecky-svet\/#Article","mainEntityOfPage":"https:\/\/www.osmip.cz\/kompresni-podkolenky-pravem-dobyvaji-bezecky-svet\/","headline":"Kompresn\u00ed podkolenky pr\u00e1vem dob\u00fdvaj\u00ed b\u011b\u017eeck\u00fd sv\u011bt","name":"Kompresn\u00ed podkolenky pr\u00e1vem dob\u00fdvaj\u00ed b\u011b\u017eeck\u00fd sv\u011bt","description":"Pokud pat\u0159\u00edte mezi b\u011b\u017ece a tr\u00e9nujete na m\u00edstech, kde spole\u010dn\u011b s\u00a0v\u00e1mi pob\u00edh\u00e1 spousta dal\u0161\u00edch lid\u00ed, mohli jste si v\u0161imnout zaj\u00edmav\u00e9ho \u00fakazu \u2013 r\u016fzn\u011b barevn\u00fdch podkolenek. Ne, nejedn\u00e1 se o staronovou m\u00f3dn\u00ed vlnu. Tyto podkolenky maj\u00ed sv\u016fj v\u00fdznam a p\u0159\u00ednos pro b\u011bh. Respektive b\u011bh a n\u00e1slednou regeneraci. \u0158\u00edk\u00e1 se jim kompresn\u00ed. Komprese, neboli sta\u017een\u00ed v\u00a0ur\u010dit\u00fdch m\u00edstech, usnad\u0148uje cirkulaci krve, \u010d\u00edm oddaluje \u00fanavu, p\u0159edch\u00e1z\u00ed k\u0159e\u010d\u00edm a podporuje n\u00e1slednou regeneraci. Jak to funguje? Tyto vysok\u00e9 pono\u017eky jsou ve tvaru trycht\u00fd\u0159e. V\u00a0l\u00e1tce, z\u00a0n\u00ed\u017e jsou tvo\u0159eny, jsou v\u00a0ur\u010dit\u00fdch m\u00edstech v\u0161ity prvky, kter\u00e9 jsou siln\u011bj\u0161\u00ed, maj\u00ed vy\u0161\u0161\u00ed elasticitu. Jejich hustota se sm\u011brem od achilovky ke kolenu sni\u017euje. T\u00edm p\u00e1dem jsou doln\u00ed \u010d\u00e1sti l\u00fdtka sta\u010deny v\u00edce, co\u017e pom\u00e1h\u00e1 v\u00fdtlaku krve a jej\u00ed lep\u0161\u00ed cirkulaci sm\u011brem k\u00a0srdci. T\u00edm se okysli\u010d\u00ed v\u011bt\u0161\u00ed mno\u017estv\u00ed a t\u011blo tak dok\u00e1\u017ee odd\u00e1lit n\u00e1stup anaerobn\u00edch proces\u016f. Pro koho jsou ur\u010deny? Jednodu\u0161e pro ka\u017ed\u00e9ho, kdo sv\u00e9 nohy v\u00edce zat\u011b\u017euje. Nejen pro sportovce, ale i pro lidi, jejich\u017e pr\u00e1ce je nut\u00ed dlouhodob\u011b st\u00e1t. Pro b\u011b\u017ece maj\u00ed ale je\u0161t\u011b jeden pozitivn\u00ed \u00fa\u010dinek. Br\u00e1n\u00ed p\u0159\u00edli\u0161n\u00fdm ot\u0159es\u016fm l\u00fdtkov\u00fdch sval\u016f, kter\u00e9 \u010dasto vedou k\u00a0jejich vy\u0161\u0161\u00ed citlivosti, bolesti a t\u00edm p\u00e1dem ke sn\u00ed\u017een\u00ed v\u00fdkonnosti. N\u011bkter\u00e9 firmy nav\u00edc nab\u00edzej\u00ed speci\u00e1ln\u00ed typy, kter\u00e9 jsou nav\u00edc vybaveny v\u00a0oblasti achilovky zpev\u0148uj\u00edc\u00edm p\u00e1sem, kter\u00fd ji chr\u00e1n\u00ed p\u0159ed prochladnut\u00edm. Z\u00e1rove\u0148 ji zpev\u0148uje, co\u017e jist ocen\u00ed ti, kte\u0159\u00ed trp\u00ed jej\u00edmi bolestmi. A v\u011bru takov\u00fdch nen\u00ed zrovna m\u00e1lo. V\u017edy\u0165 \u00farazy, z\u00e1n\u011bty, nata\u017een\u00ed a dal\u0161\u00ed p\u0159\u00ed\u010diny bolesti t\u00e9to veled\u016fle\u017eit\u00e9 \u0161lachy jsou po obt\u00ed\u017e\u00edch s\u00a0kolenn\u00edmi vazy, chrupavkami, jednodu\u0161e \u0159e\u010deno klouby, t\u011bmi nej\u010dast\u011bj\u0161\u00edmi b\u011b\u017eeck\u00fdmi obt\u00ed\u017eemi. Cena Tady nastupuje jedno z\u00a0negativ. \u010casto se cena podkolenek pohybuje v\u00a0podobn\u00e9 relaci jako u va\u0161ich bot. Nicm\u00e9n\u011b tato investice do kvality se ur\u010dit\u011b vyplat\u00ed, nebo\u0165 na trhu jsou i modely levn\u011bj\u0161\u00ed ne\u017e 500 K\u010d, kter\u00fdm se vyhn\u011bte! \u010casto povoluj\u00ed kompresn\u00ed p\u00e1sy, \u010d\u00edm\u017e se z\u00a0nich st\u00e1vaj\u00ed oby\u010dejn\u00e9 vysok\u00e9 pono\u017eky. 3.8\/5 - (11 votes)","datePublished":"2023-05-30","dateModified":"2023-05-30","author":{"@type":"Person","@id":"https:\/\/www.osmip.cz\/author\/#Person","name":"","url":"https:\/\/www.osmip.cz\/author\/","identifier":1,"image":{"@type":"ImageObject","@id":"https:\/\/secure.gravatar.com\/avatar\/c61c2d82e330ff9c70cf023b4c62d411e8407bcb38f85df591fa270717754b44?s=96&d=mm&r=g","url":"https:\/\/secure.gravatar.com\/avatar\/c61c2d82e330ff9c70cf023b4c62d411e8407bcb38f85df591fa270717754b44?s=96&d=mm&r=g","height":96,"width":96}},"publisher":{"@type":"Organization","name":"osmip.cz","logo":{"@type":"ImageObject","@id":"\/logo.png","url":"\/logo.png","width":600,"height":60}},"image":{"@type":"ImageObject","@id":"https:\/\/www.osmip.cz\/wp-content\/uploads\/img_a340802_w2634_t1553684140.jpg","url":"https:\/\/www.osmip.cz\/wp-content\/uploads\/img_a340802_w2634_t1553684140.jpg","height":0,"width":0},"url":"https:\/\/www.osmip.cz\/kompresni-podkolenky-pravem-dobyvaji-bezecky-svet\/","wordCount":429,"articleBody":"Pokud pat\u0159\u00edte mezi b\u011b\u017ece a tr\u00e9nujete na m\u00edstech, kde spole\u010dn\u011b s\u00a0v\u00e1mi pob\u00edh\u00e1 spousta dal\u0161\u00edch lid\u00ed, mohli jste si v\u0161imnout zaj\u00edmav\u00e9ho \u00fakazu \u2013 r\u016fzn\u011b barevn\u00fdch podkolenek. Ne, nejedn\u00e1 se o staronovou m\u00f3dn\u00ed vlnu. Tyto podkolenky maj\u00ed sv\u016fj v\u00fdznam a p\u0159\u00ednos pro b\u011bh. Respektive b\u011bh a n\u00e1slednou regeneraci. \u0158\u00edk\u00e1 se jim kompresn\u00ed. Komprese, neboli sta\u017een\u00ed v\u00a0ur\u010dit\u00fdch m\u00edstech, usnad\u0148uje cirkulaci krve, \u010d\u00edm oddaluje \u00fanavu, p\u0159edch\u00e1z\u00ed k\u0159e\u010d\u00edm a podporuje n\u00e1slednou regeneraci.\tJak to funguje?\tTyto vysok\u00e9 pono\u017eky jsou ve tvaru trycht\u00fd\u0159e. V\u00a0l\u00e1tce, z\u00a0n\u00ed\u017e jsou tvo\u0159eny, jsou v\u00a0ur\u010dit\u00fdch m\u00edstech v\u0161ity prvky, kter\u00e9 jsou siln\u011bj\u0161\u00ed, maj\u00ed vy\u0161\u0161\u00ed elasticitu. Jejich hustota se sm\u011brem od achilovky ke kolenu sni\u017euje. T\u00edm p\u00e1dem jsou doln\u00ed \u010d\u00e1sti l\u00fdtka sta\u010deny v\u00edce, co\u017e pom\u00e1h\u00e1 v\u00fdtlaku krve a jej\u00ed lep\u0161\u00ed cirkulaci sm\u011brem k\u00a0srdci. T\u00edm se okysli\u010d\u00ed v\u011bt\u0161\u00ed mno\u017estv\u00ed a t\u011blo tak dok\u00e1\u017ee odd\u00e1lit n\u00e1stup anaerobn\u00edch proces\u016f.\tPro koho jsou ur\u010deny?\tJednodu\u0161e pro ka\u017ed\u00e9ho, kdo sv\u00e9 nohy v\u00edce zat\u011b\u017euje. Nejen pro sportovce, ale i pro lidi, jejich\u017e pr\u00e1ce je nut\u00ed dlouhodob\u011b st\u00e1t. Pro b\u011b\u017ece maj\u00ed ale je\u0161t\u011b jeden pozitivn\u00ed \u00fa\u010dinek. Br\u00e1n\u00ed p\u0159\u00edli\u0161n\u00fdm ot\u0159es\u016fm l\u00fdtkov\u00fdch sval\u016f, kter\u00e9 \u010dasto vedou k\u00a0jejich vy\u0161\u0161\u00ed citlivosti, bolesti a t\u00edm p\u00e1dem ke sn\u00ed\u017een\u00ed v\u00fdkonnosti. N\u011bkter\u00e9 firmy nav\u00edc nab\u00edzej\u00ed speci\u00e1ln\u00ed typy, kter\u00e9 jsou nav\u00edc vybaveny v\u00a0oblasti achilovky zpev\u0148uj\u00edc\u00edm p\u00e1sem, kter\u00fd ji chr\u00e1n\u00ed p\u0159ed prochladnut\u00edm. Z\u00e1rove\u0148 ji zpev\u0148uje, co\u017e jist ocen\u00ed ti, kte\u0159\u00ed trp\u00ed jej\u00edmi bolestmi. A v\u011bru takov\u00fdch nen\u00ed zrovna m\u00e1lo. V\u017edy\u0165 \u00farazy, z\u00e1n\u011bty, nata\u017een\u00ed a dal\u0161\u00ed p\u0159\u00ed\u010diny bolesti t\u00e9to veled\u016fle\u017eit\u00e9 \u0161lachy jsou po obt\u00ed\u017e\u00edch s\u00a0kolenn\u00edmi vazy, chrupavkami, jednodu\u0161e \u0159e\u010deno klouby, t\u011bmi nej\u010dast\u011bj\u0161\u00edmi b\u011b\u017eeck\u00fdmi obt\u00ed\u017eemi.\t\tCena\tTady nastupuje jedno z\u00a0negativ. \u010casto se cena podkolenek pohybuje v\u00a0podobn\u00e9 relaci jako u va\u0161ich bot. Nicm\u00e9n\u011b tato investice do kvality se ur\u010dit\u011b vyplat\u00ed, nebo\u0165 na trhu jsou i modely levn\u011bj\u0161\u00ed ne\u017e 500 K\u010d, kter\u00fdm se vyhn\u011bte! \u010casto povoluj\u00ed kompresn\u00ed p\u00e1sy, \u010d\u00edm\u017e se z\u00a0nich st\u00e1vaj\u00ed oby\u010dejn\u00e9 vysok\u00e9 pono\u017eky.                                                                                                                                                                                                                                                                                                                                                                                        3.8\/5 - (11 votes)        "},{"@context":"https:\/\/schema.org\/","@type":"BreadcrumbList","itemListElement":[{"@type":"ListItem","position":1,"name":"Kompresn\u00ed podkolenky pr\u00e1vem dob\u00fdvaj\u00ed b\u011b\u017eeck\u00fd sv\u011bt","item":"https:\/\/www.osmip.cz\/kompresni-podkolenky-pravem-dobyvaji-bezecky-svet\/#breadcrumbitem"}]}]