[{"@context":"https:\/\/schema.org\/","@type":"Article","@id":"https:\/\/www.osmip.cz\/cestovani-vlakem-bude-opet-drazsi\/#Article","mainEntityOfPage":"https:\/\/www.osmip.cz\/cestovani-vlakem-bude-opet-drazsi\/","headline":"Cestov\u00e1n\u00ed vlakem bude op\u011bt dra\u017e\u0161\u00ed","name":"Cestov\u00e1n\u00ed vlakem bude op\u011bt dra\u017e\u0161\u00ed","description":"\u010cesk\u00e9 dr\u00e1hy p\u0159ijdou dev\u00e1t\u00e9ho prosince tohoto roku s\u00a0tradi\u010dn\u00edmi zm\u011bnami v\u00a0j\u00edzdn\u00edm \u0159\u00e1du, sou\u010dasn\u011b v\u0161ak toto nebude jedin\u00e1 novinka, kter\u00e1 cestuj\u00edc\u00ed \u010dek\u00e1. Na kr\u00e1tk\u00fdch vzd\u00e1lenostech si toti\u017e p\u0159iplat\u00ed na j\u00edzdn\u00e9m o jednu korunu nav\u00edc, na vzd\u00e1lenostech v\u011bt\u0161\u00edch bude dra\u017e\u0161\u00ed o koruny \u010dty\u0159i. Dopravce toto zv\u00fd\u0161en\u00ed cen od\u016fvod\u0148uje zvy\u0161uj\u00edc\u00ed se inflac\u00ed, \u010d\u00edm\u017e se ji pokus\u00ed pokr\u00fdt. I kdy\u017e se ceny j\u00edzdn\u00e9ho upravovaly i v\u00a0minul\u00e9m roce, pokra\u010duje se v\u00a0tomto trendu i letos. Aby v\u0161ak ne\u0161lo pouze o zdra\u017eov\u00e1n\u00ed, p\u0159ich\u00e1z\u00ed st\u00e1tn\u00ed dopravce i se zv\u00fdhodn\u011bn\u00edmi. Ta se budou t\u00fdkat tra\u0165ov\u00fdch j\u00edzdenek, kter\u00e9 vyu\u017e\u00edvaj\u00ed cestuj\u00edc\u00ed na pravideln\u00e9 doj\u00ed\u017ed\u011bn\u00ed do zam\u011bstn\u00e1n\u00ed. Jejich platnost se roz\u0161\u00ed\u0159\u00ed o t\u0159icet kilometr\u016f ze sou\u010dasn\u00fdch 120 na nov\u00fdch 150. Co nov\u00e9ho je\u0161t\u011b cestuj\u00edc\u00ed \u010dek\u00e1? Nejen dra\u017e\u0161\u00ed j\u00edzdn\u00e9, ale tak\u00e9 dal\u0161\u00ed zm\u011bny jsou od prosince pl\u00e1nov\u00e1ny. Pozitivn\u00ed zm\u011bnu ur\u010dit\u011b uv\u00edtaj\u00ed t\u0159eba cestuj\u00edc\u00ed do Plzn\u011b, kter\u00fdm se cesta z\u00a0Prahy zkr\u00e1t\u00ed o deset minut a potrv\u00e1 tak zhruba hodinu a \u010dtvrt. P\u0159\u00edjemnou zpr\u00e1vou bude tak\u00e9 n\u00e1vrat po\u0161kozen\u00e9ho Pendolina, kter\u00e9 bylo od ne\u0161t\u011bst\u00ed ve Stud\u00e9nce doposud mimo provoz. Lid\u00e9, kte\u0159\u00ed cestuj\u00ed mezi Prahou a Ostravou tak budou moci vyb\u00edrat op\u011bt mezi spoji s\u00a0dvouhodinov\u00fdm intervalem. Vy\u0161\u0161\u00ed bude i po\u010det expres\u016f jedouc\u00edch do hlavn\u00edho m\u011bsta Polska i na Slovensko \u010di do Opavy. Od \u00fanora \u010di b\u0159ezna 2019 by tak\u00e9 cht\u011bly \u010cesk\u00e9 dr\u00e1hy zav\u00e9st na trase mezi hlavn\u00edm m\u011bstem a slezskou metropol\u00ed Ostravou povinn\u00e9 m\u00edstenky. Zat\u00edm jsou povinny jen ve vlac\u00edch SC Pendolino, do budoucna by se toto opat\u0159en\u00ed t\u00fdkalo tak\u00e9 dal\u0161\u00edch expres\u016f. Aktu\u00e1ln\u011b m\u00edstenky vyu\u017e\u00edv\u00e1 pouze p\u011btina pasa\u017e\u00e9r\u016f, p\u0159i\u010dem\u017e by dopravce cht\u011bl v\u00e9st lidi k\u00a0\u010dast\u011bj\u0161\u00edmu vyu\u017e\u00edv\u00e1n\u00ed t\u00e9to mo\u017enosti, a to zejm\u00e9na s\u00a0ohledem na vy\u0161\u0161\u00ed komfort. Pro \u010cesk\u00e9 dr\u00e1hy by toto znamenalo lep\u0161\u00ed informovanost o po\u0161tu cestuj\u00edc\u00edch a p\u0159\u00edpadnou mo\u017enost pru\u017en\u011b reagovat s\u00a0nasazen\u00edm dal\u0161\u00edch vozidel v\u00a0p\u0159epln\u011bn\u00fdch vlac\u00edch, kdy doposud do posledn\u00ed chv\u00edle \u010dasto nev\u00ed, jak hodn\u011b bude konkr\u00e9tn\u00ed spoj vyt\u00ed\u017een. \u00a0 3.6\/5 - (7 votes)","datePublished":"2023-05-30","dateModified":"2023-05-30","author":{"@type":"Person","@id":"https:\/\/www.osmip.cz\/author\/#Person","name":"","url":"https:\/\/www.osmip.cz\/author\/","identifier":1,"image":{"@type":"ImageObject","@id":"https:\/\/secure.gravatar.com\/avatar\/c61c2d82e330ff9c70cf023b4c62d411e8407bcb38f85df591fa270717754b44?s=96&d=mm&r=g","url":"https:\/\/secure.gravatar.com\/avatar\/c61c2d82e330ff9c70cf023b4c62d411e8407bcb38f85df591fa270717754b44?s=96&d=mm&r=g","height":96,"width":96}},"publisher":{"@type":"Organization","name":"osmip.cz","logo":{"@type":"ImageObject","@id":"\/logo.png","url":"\/logo.png","width":600,"height":60}},"image":{"@type":"ImageObject","@id":"https:\/\/www.osmip.cz\/wp-content\/uploads\/img_a330690_w2626_t1543158208.jpg","url":"https:\/\/www.osmip.cz\/wp-content\/uploads\/img_a330690_w2626_t1543158208.jpg","height":0,"width":0},"url":"https:\/\/www.osmip.cz\/cestovani-vlakem-bude-opet-drazsi\/","wordCount":430,"articleBody":"\u010cesk\u00e9 dr\u00e1hy p\u0159ijdou dev\u00e1t\u00e9ho prosince tohoto roku s\u00a0tradi\u010dn\u00edmi zm\u011bnami v\u00a0j\u00edzdn\u00edm \u0159\u00e1du, sou\u010dasn\u011b v\u0161ak toto nebude jedin\u00e1 novinka, kter\u00e1 cestuj\u00edc\u00ed \u010dek\u00e1. Na kr\u00e1tk\u00fdch vzd\u00e1lenostech si toti\u017e p\u0159iplat\u00ed na j\u00edzdn\u00e9m o jednu korunu nav\u00edc, na vzd\u00e1lenostech v\u011bt\u0161\u00edch bude dra\u017e\u0161\u00ed o koruny \u010dty\u0159i. Dopravce toto zv\u00fd\u0161en\u00ed cen od\u016fvod\u0148uje zvy\u0161uj\u00edc\u00ed se inflac\u00ed, \u010d\u00edm\u017e se ji pokus\u00ed pokr\u00fdt.I kdy\u017e se ceny j\u00edzdn\u00e9ho upravovaly i v\u00a0minul\u00e9m roce, pokra\u010duje se v\u00a0tomto trendu i letos. Aby v\u0161ak ne\u0161lo pouze o zdra\u017eov\u00e1n\u00ed, p\u0159ich\u00e1z\u00ed st\u00e1tn\u00ed dopravce i se zv\u00fdhodn\u011bn\u00edmi. Ta se budou t\u00fdkat tra\u0165ov\u00fdch j\u00edzdenek, kter\u00e9 vyu\u017e\u00edvaj\u00ed cestuj\u00edc\u00ed na pravideln\u00e9 doj\u00ed\u017ed\u011bn\u00ed do zam\u011bstn\u00e1n\u00ed. Jejich platnost se roz\u0161\u00ed\u0159\u00ed o t\u0159icet kilometr\u016f ze sou\u010dasn\u00fdch 120 na nov\u00fdch 150.\tCo nov\u00e9ho je\u0161t\u011b cestuj\u00edc\u00ed \u010dek\u00e1?Nejen dra\u017e\u0161\u00ed j\u00edzdn\u00e9, ale tak\u00e9 dal\u0161\u00ed zm\u011bny jsou od prosince pl\u00e1nov\u00e1ny. Pozitivn\u00ed zm\u011bnu ur\u010dit\u011b uv\u00edtaj\u00ed t\u0159eba cestuj\u00edc\u00ed do Plzn\u011b, kter\u00fdm se cesta z\u00a0Prahy zkr\u00e1t\u00ed o deset minut a potrv\u00e1 tak zhruba hodinu a \u010dtvrt. P\u0159\u00edjemnou zpr\u00e1vou bude tak\u00e9 n\u00e1vrat po\u0161kozen\u00e9ho Pendolina, kter\u00e9 bylo od ne\u0161t\u011bst\u00ed ve Stud\u00e9nce doposud mimo provoz. Lid\u00e9, kte\u0159\u00ed cestuj\u00ed mezi Prahou a Ostravou tak budou moci vyb\u00edrat op\u011bt mezi spoji s\u00a0dvouhodinov\u00fdm intervalem. Vy\u0161\u0161\u00ed bude i po\u010det expres\u016f jedouc\u00edch do hlavn\u00edho m\u011bsta Polska i na Slovensko \u010di do Opavy.Od \u00fanora \u010di b\u0159ezna 2019 by tak\u00e9 cht\u011bly \u010cesk\u00e9 dr\u00e1hy zav\u00e9st na trase mezi hlavn\u00edm m\u011bstem a slezskou metropol\u00ed Ostravou povinn\u00e9 m\u00edstenky. Zat\u00edm jsou povinny jen ve vlac\u00edch SC Pendolino, do budoucna by se toto opat\u0159en\u00ed t\u00fdkalo tak\u00e9 dal\u0161\u00edch expres\u016f. Aktu\u00e1ln\u011b m\u00edstenky vyu\u017e\u00edv\u00e1 pouze p\u011btina pasa\u017e\u00e9r\u016f, p\u0159i\u010dem\u017e by dopravce cht\u011bl v\u00e9st lidi k\u00a0\u010dast\u011bj\u0161\u00edmu vyu\u017e\u00edv\u00e1n\u00ed t\u00e9to mo\u017enosti, a to zejm\u00e9na s\u00a0ohledem na vy\u0161\u0161\u00ed komfort. Pro \u010cesk\u00e9 dr\u00e1hy by toto znamenalo lep\u0161\u00ed informovanost o po\u0161tu cestuj\u00edc\u00edch a p\u0159\u00edpadnou mo\u017enost pru\u017en\u011b reagovat s\u00a0nasazen\u00edm dal\u0161\u00edch vozidel v\u00a0p\u0159epln\u011bn\u00fdch vlac\u00edch, kdy doposud do posledn\u00ed chv\u00edle \u010dasto nev\u00ed, jak hodn\u011b bude konkr\u00e9tn\u00ed spoj vyt\u00ed\u017een.\u00a0                                                                                                                                                                                                                                                                                                                                                                                        3.6\/5 - (7 votes)        "},{"@context":"https:\/\/schema.org\/","@type":"BreadcrumbList","itemListElement":[{"@type":"ListItem","position":1,"name":"Cestov\u00e1n\u00ed vlakem bude op\u011bt dra\u017e\u0161\u00ed","item":"https:\/\/www.osmip.cz\/cestovani-vlakem-bude-opet-drazsi\/#breadcrumbitem"}]}]